{"id":1251,"date":"2022-08-23T23:08:00","date_gmt":"2022-08-23T23:08:00","guid":{"rendered":"https:\/\/taqas.net\/fr\/?p=1251"},"modified":"2022-10-22T23:42:49","modified_gmt":"2022-10-22T23:42:49","slug":"les-ingenieurs-mauritaniens-organise-un-forum-sous-le-theme-energie-et-digitalisation-en-mauritanie%ef%bf%bc","status":"publish","type":"post","link":"https:\/\/taqas.net\/fr\/les-ingenieurs-mauritaniens-organise-un-forum-sous-le-theme-energie-et-digitalisation-en-mauritanie%ef%bf%bc\/","title":{"rendered":"Les ing\u00e9nieurs mauritaniens organise un forum sous le th\u00e8me: \u00e9nergie et digitalisation en Mauritanie\ufffc"},"content":{"rendered":"\n<p>La deuxi\u00e8me \u00e9dition du forum des <a href=\"https:\/\/assomec.net\/\" target=\"_blank\" rel=\"noopener\" title=\"\">ing\u00e9nieurs mauritanien<\/a>, s\u2019est tenue, le 20 et 21 ao\u00fbt, au palais des congr\u00e8s \u00e0 Nouakchott, sous le th\u00e8me \u00ab Energie et Num\u00e9risation \u00bb.<\/p>\n\n\n\n<p>Mauritaniens ayant pour th\u00e8me \u00ab Energie et Num\u00e9risation \u00bb ont d\u00e9but\u00e9, ce matin, sous la supervision du Minist\u00e8re du P\u00e9trole, des Mines et de l\u2019Energie, et avec la participation de plusieurs acteurs du secteur priv\u00e9.<\/p>\n\n\n\n<p>Le forum, compos\u00e9 de plusieurs panels, a abord\u00e9 les perspectives d\u2019explorations p\u00e9troli\u00e8res et gazi\u00e8res, l\u2019exploitation de l\u2019hydrog\u00e8ne vert et les r\u00e9serves disponibles en gaz naturel en Mauritanie. Il a \u00e9galement abord\u00e9 plusieurs sujets concernant la digitalisation de l\u2019administration et le r\u00f4le de la digitalisation dans le domaine p\u00e9trolier et gazier.<\/p>\n\n\n\n<p>Le forum a \u00e9t\u00e9 marqu\u00e9 \u00e9galement par la participation d\u2019un certain nombre d\u2019acteurs du secteur priv\u00e9 et de chercheurs dans les domaines du num\u00e9rique et de l\u2019\u00e9nergie en Mauritanie.<\/p>\n","protected":false},"excerpt":{"rendered":"<p>La deuxi\u00e8me \u00e9dition du forum des ing\u00e9nieurs mauritanien, s\u2019est tenue, le 20 et 21 ao\u00fbt, au palais des congr\u00e8s \u00e0 Nouakchott, sous le th\u00e8me \u00ab Energie et Num\u00e9risation \u00bb. Mauritaniens ayant pour th\u00e8me \u00ab Energie et Num\u00e9risation \u00bb ont d\u00e9but\u00e9, ce matin, sous la supervision du Minist\u00e8re du P\u00e9trole, des Mines et de l\u2019Energie, et &hellip;<\/p>\n","protected":false},"author":1,"featured_media":1252,"comment_status":"open","ping_status":"open","sticky":false,"template":"","format":"standard","meta":{"footnotes":""},"categories":[28,25],"tags":[128,130,111,129],"aioseo_notices":[],"_links":{"self":[{"href":"https:\/\/taqas.net\/fr\/wp-json\/wp\/v2\/posts\/1251"}],"collection":[{"href":"https:\/\/taqas.net\/fr\/wp-json\/wp\/v2\/posts"}],"about":[{"href":"https:\/\/taqas.net\/fr\/wp-json\/wp\/v2\/types\/post"}],"author":[{"embeddable":true,"href":"https:\/\/taqas.net\/fr\/wp-json\/wp\/v2\/users\/1"}],"replies":[{"embeddable":true,"href":"https:\/\/taqas.net\/fr\/wp-json\/wp\/v2\/comments?post=1251"}],"version-history":[{"count":1,"href":"https:\/\/taqas.net\/fr\/wp-json\/wp\/v2\/posts\/1251\/revisions"}],"predecessor-version":[{"id":1253,"href":"https:\/\/taqas.net\/fr\/wp-json\/wp\/v2\/posts\/1251\/revisions\/1253"}],"wp:featuredmedia":[{"embeddable":true,"href":"https:\/\/taqas.net\/fr\/wp-json\/wp\/v2\/media\/1252"}],"wp:attachment":[{"href":"https:\/\/taqas.net\/fr\/wp-json\/wp\/v2\/media?parent=1251"}],"wp:term":[{"taxonomy":"category","embeddable":true,"href":"https:\/\/taqas.net\/fr\/wp-json\/wp\/v2\/categories?post=1251"},{"taxonomy":"post_tag","embeddable":true,"href":"https:\/\/taqas.net\/fr\/wp-json\/wp\/v2\/tags?post=1251"}],"curies":[{"name":"wp","href":"https:\/\/api.w.org\/{rel}","templated":true}]}}