{"id":1553,"date":"2023-09-07T21:24:22","date_gmt":"2023-09-07T21:24:22","guid":{"rendered":"https:\/\/taqas.net\/fr\/?p=1553"},"modified":"2023-09-07T21:24:25","modified_gmt":"2023-09-07T21:24:25","slug":"ymlc-participe-a-une-conference-africaine-sur-lexploitation-des-matieres-brutes","status":"publish","type":"post","link":"https:\/\/taqas.net\/fr\/ymlc-participe-a-une-conference-africaine-sur-lexploitation-des-matieres-brutes\/","title":{"rendered":"YMLC participe \u00e0 une conf\u00e9rence africaine sur l\u2019exploitation des mati\u00e8res brutes"},"content":{"rendered":"\n<p><\/p>\n\n\n\n<p class=\"has-medium-font-size\">Le pr\u00e9sident de Young Mining Leaders Council, Arby Kane, a particip\u00e9, hier, \u00e0 la s\u00e9ance d\u2019ouverture de la r\u00e9union de coordination interinstitutionnelle pour la mise en \u0153uvre et la domestication de la strat\u00e9gie de l&rsquo;Union africaine sur les mati\u00e8res premi\u00e8res. <\/p>\n\n\n\n<p class=\"has-medium-font-size\">La conf\u00e9rence, qui dur\u00e9 trois jours, est organis\u00e9e sous le th\u00e8me, se concentre sur \u00ab l&rsquo;industrialisation ax\u00e9e sur les produits de base pour un march\u00e9 africain unique \u00bb.<\/p>\n\n\n\n<p class=\"has-medium-font-size\">L\u2019intervention du repr\u00e9sentant de l\u2019association mauritanienne, \u00e9tait autour du r\u00f4le du secteur priv\u00e9, des femmes et des jeunes dans la promotion de la commercialisation des mati\u00e8res premi\u00e8res.<\/p>\n\n\n\n<p class=\"has-medium-font-size\">Pour rappel, cet \u00e9v\u00e9nement t\u00e9nu dans le si\u00e8ge de l&rsquo;Union africaine \u00e0 Addis-Abeba en Ethiopie, vient dans le cadre l&rsquo;<a href=\"https:\/\/www.linkedin.com\/feed\/hashtag\/?keywords=agenda2063&amp;highlightedUpdateUrns=urn%3Ali%3Aactivity%3A7105424901490044929&amp;lipi=urn%3Ali%3Apage%3Ad_flagship3_detail_base%3BzW%2FsCeMTT%2Bq%2BxtTzdZXPAg%3D%3D\">Agenda 2063<\/a>.<br><br><\/p>\n","protected":false},"excerpt":{"rendered":"<p>Le pr\u00e9sident de Young Mining Leaders Council, Arby Kane, a particip\u00e9, hier, \u00e0 la s\u00e9ance d\u2019ouverture de la r\u00e9union de coordination interinstitutionnelle pour la mise en \u0153uvre et la domestication de la strat\u00e9gie de l&rsquo;Union africaine sur les mati\u00e8res premi\u00e8res. La conf\u00e9rence, qui dur\u00e9 trois jours, est organis\u00e9e sous le th\u00e8me, se concentre sur \u00ab &hellip;<\/p>\n","protected":false},"author":2,"featured_media":1554,"comment_status":"open","ping_status":"open","sticky":false,"template":"","format":"standard","meta":{"footnotes":""},"categories":[29],"tags":[111,136],"aioseo_notices":[],"_links":{"self":[{"href":"https:\/\/taqas.net\/fr\/wp-json\/wp\/v2\/posts\/1553"}],"collection":[{"href":"https:\/\/taqas.net\/fr\/wp-json\/wp\/v2\/posts"}],"about":[{"href":"https:\/\/taqas.net\/fr\/wp-json\/wp\/v2\/types\/post"}],"author":[{"embeddable":true,"href":"https:\/\/taqas.net\/fr\/wp-json\/wp\/v2\/users\/2"}],"replies":[{"embeddable":true,"href":"https:\/\/taqas.net\/fr\/wp-json\/wp\/v2\/comments?post=1553"}],"version-history":[{"count":1,"href":"https:\/\/taqas.net\/fr\/wp-json\/wp\/v2\/posts\/1553\/revisions"}],"predecessor-version":[{"id":1555,"href":"https:\/\/taqas.net\/fr\/wp-json\/wp\/v2\/posts\/1553\/revisions\/1555"}],"wp:featuredmedia":[{"embeddable":true,"href":"https:\/\/taqas.net\/fr\/wp-json\/wp\/v2\/media\/1554"}],"wp:attachment":[{"href":"https:\/\/taqas.net\/fr\/wp-json\/wp\/v2\/media?parent=1553"}],"wp:term":[{"taxonomy":"category","embeddable":true,"href":"https:\/\/taqas.net\/fr\/wp-json\/wp\/v2\/categories?post=1553"},{"taxonomy":"post_tag","embeddable":true,"href":"https:\/\/taqas.net\/fr\/wp-json\/wp\/v2\/tags?post=1553"}],"curies":[{"name":"wp","href":"https:\/\/api.w.org\/{rel}","templated":true}]}}